{"id":1178,"date":"2018-07-27T10:57:05","date_gmt":"2018-07-27T10:57:05","guid":{"rendered":"http:\/\/ramonetdelabarceloneta.com\/?p=90"},"modified":"2024-02-07T09:24:05","modified_gmt":"2024-02-07T08:24:05","slug":"en-agosto-me-quedo-en-barcelona","status":"publish","type":"post","link":"https:\/\/grupramonet.com\/es\/en-agosto-me-quedo-en-barcelona\/","title":{"rendered":"En agosto me quedo en Barcelona"},"content":{"rendered":"<p>S\u00ed. Yo ya te lo digo, me quedo. Me quedo en mi ciudad, Barcelona, mi casa y mi hogar; en mi barrio, la Barceloneta, que esta estaci\u00f3n del a\u00f1o es lo mejor. Pocos tenemos el lujo de tener el mar enfrente y el ocio tan cerca, en cada calle, gastronom\u00eda local e internacional, aut\u00e9ntica, en cada esquina, y el centro a dos \u201ctirs de pedra\u201d. Y qu\u00e9 me dices de los parques, plazas y terrazas, refugios para las horas de m\u00e1s calor. Esto s\u00f3lo pasa aqu\u00ed, en el barrio marinero y pescador, \u00fanico, diferente y especial; mi casa, la tuya, el verano en estado puro.<\/p>\n<p>No importa si est\u00e1s solo o acompa\u00f1ado. En Barcelona hay taaaanta gente que es muy f\u00e1cil conocer nueva. \u00a1Somos muy majos! Y hay mil cosas por hacer. Sal, sal a la calle, ve a los bares y restaurantes, a las tiendas, las modernas o tradicionales, a la playa, a pasear por el mar, el mar de la Barceloneta, protagonista indiscutible del verano.<\/p>\n<p>Puedes darte un buen ba\u00f1o en la playa, por la ma\u00f1ana, que es cuando hay menos gente y el agua est\u00e1 \u201cpffff\u2026\u201d \u00a1que ni en Ibiza, tu! Y al mediod\u00eda, obligatorio hacer un vermut en los locales de toda la vida. Mi favorito, como ya sabes, es el Can Ramonet; para estos momentos no hay otro mejor, \u00a1te transporta! Hay que vivirlo.<\/p>\n<p>Aprovecha las horas previas a la comida para hacer una visita cultural por los museos del barrio vecino de El Born. Aqu\u00ed, los museos abren siempre: el Picasso, el de Historia de Catalu\u00f1a o el de Chocolate. \u00a1Si vas con peques, les encantar\u00e1! O si vas con amigos, los conciertos en directo en los parques, de m\u00fasica de todo tipo y a la \u201cfresqueta\u201d, \u00a1son \u201clo m\u00e1s\u201d! Eso s\u00ed, que no falte la cervecita o el helado en mano.<\/p>\n<p>\u00bfY qu\u00e9 me dices de la vida de noche? \u00a1Barceloneta se transforma en una fiesta, color, juerga, diversi\u00f3n! El ocio, los restaurantes y bares iluminan las calles. Se escucha el ambiente, de risas y charlas animadas, las cocinas de los restaurantes huelen a paella y mariscadas; la juerga discotequera pisa fuerte. La zona del paseo mar\u00edtimo, donde se concentra el glamour nocturno, con la m\u00fasica del momento, y chicos y chicas top, de todas las edades. O si lo prefieres, tienes los vecinos de Vila Ol\u00edmpica, donde las despedidas de solter@ son un m\u00edtico, un grito al baile y el desenfreno.<\/p>\n<p>Bueno, bueno. No te quedar\u00e1s sin opciones, no. Lo mejor, investiga. D\u00e9jate llevar por las calles del barrio m\u00e1s aut\u00e9ntico y uno de los m\u00e1s antiguos de la ciudad; un barrio con car\u00e1cter. Participa en las actividades de sus centros c\u00edvicos, de sus fiestas populares; visita las bibliotecas, consulta sus agendas. \u00a1Estoy hablando de miles de actividades gratis!<\/p>\n<p>Haz el favor y divi\u00e9rtete, en la Barceloneta no hay otra opci\u00f3n posible. \u00a1Palabra de marinero!<\/p>\n","protected":false},"excerpt":{"rendered":"<p>S\u00ed. Yo ya te lo digo, me quedo. Me quedo en mi ciudad, Barcelona, mi casa y mi hogar; en mi barrio, la Barceloneta, que esta estaci\u00f3n del a\u00f1o es&#8230;<\/p>\n","protected":false},"author":1,"featured_media":1223,"comment_status":"closed","ping_status":"closed","sticky":false,"template":"","format":"standard","meta":{"footnotes":""},"categories":[51],"tags":[],"class_list":{"0":"post-1178","1":"post","2":"type-post","3":"status-publish","4":"format-standard","5":"has-post-thumbnail","7":"category-planes"},"yoast_head":"<!-- This site is optimized with the Yoast SEO plugin v26.2 - https:\/\/yoast.com\/wordpress\/plugins\/seo\/ -->\n<title>En agosto me quedo en Barcelona - Grup Ramonet<\/title>\n<meta name=\"robots\" content=\"index, follow, max-snippet:-1, max-image-preview:large, max-video-preview:-1\" \/>\n<link rel=\"canonical\" href=\"https:\/\/grupramonet.com\/es\/en-agosto-me-quedo-en-barcelona\/\" \/>\n<meta property=\"og:locale\" content=\"es_ES\" \/>\n<meta property=\"og:type\" content=\"article\" \/>\n<meta property=\"og:title\" content=\"En agosto me quedo en Barcelona - Grup Ramonet\" \/>\n<meta property=\"og:description\" content=\"S\u00ed. Yo ya te lo digo, me quedo. Me quedo en mi ciudad, Barcelona, mi casa y mi hogar; en mi barrio, la Barceloneta, que esta estaci\u00f3n del a\u00f1o es...\" \/>\n<meta property=\"og:url\" content=\"https:\/\/grupramonet.com\/es\/en-agosto-me-quedo-en-barcelona\/\" \/>\n<meta property=\"og:site_name\" content=\"Grup Ramonet\" \/>\n<meta property=\"article:published_time\" content=\"2018-07-27T10:57:05+00:00\" \/>\n<meta property=\"article:modified_time\" content=\"2024-02-07T08:24:05+00:00\" \/>\n<meta property=\"og:image\" content=\"https:\/\/grupramonet.com\/wp-content\/uploads\/2018\/07\/shutterstock_1071977111.jpg\" \/>\n\t<meta property=\"og:image:width\" content=\"1000\" \/>\n\t<meta property=\"og:image:height\" content=\"667\" \/>\n\t<meta property=\"og:image:type\" content=\"image\/jpeg\" \/>\n<meta name=\"author\" content=\"elfresco\" \/>\n<meta name=\"twitter:card\" content=\"summary_large_image\" \/>\n<meta name=\"twitter:label1\" content=\"Escrito por\" \/>\n\t<meta name=\"twitter:data1\" content=\"elfresco\" \/>\n\t<meta name=\"twitter:label2\" content=\"Tiempo de lectura\" \/>\n\t<meta name=\"twitter:data2\" content=\"3 minutos\" \/>\n<script type=\"application\/ld+json\" class=\"yoast-schema-graph\">{\"@context\":\"https:\/\/schema.org\",\"@graph\":[{\"@type\":\"Article\",\"@id\":\"https:\/\/grupramonet.com\/es\/en-agosto-me-quedo-en-barcelona\/#article\",\"isPartOf\":{\"@id\":\"https:\/\/grupramonet.com\/es\/en-agosto-me-quedo-en-barcelona\/\"},\"author\":{\"name\":\"elfresco\",\"@id\":\"https:\/\/grupramonet.com\/es\/#\/schema\/person\/d31a6ebb02f108d326aab7452b2a1551\"},\"headline\":\"En agosto me quedo en Barcelona\",\"datePublished\":\"2018-07-27T10:57:05+00:00\",\"dateModified\":\"2024-02-07T08:24:05+00:00\",\"mainEntityOfPage\":{\"@id\":\"https:\/\/grupramonet.com\/es\/en-agosto-me-quedo-en-barcelona\/\"},\"wordCount\":518,\"publisher\":{\"@id\":\"https:\/\/grupramonet.com\/es\/#organization\"},\"image\":{\"@id\":\"https:\/\/grupramonet.com\/es\/en-agosto-me-quedo-en-barcelona\/#primaryimage\"},\"thumbnailUrl\":\"https:\/\/grupramonet.com\/wp-content\/uploads\/2018\/07\/shutterstock_1071977111.jpg\",\"articleSection\":[\"Planes\"],\"inLanguage\":\"es\"},{\"@type\":\"WebPage\",\"@id\":\"https:\/\/grupramonet.com\/es\/en-agosto-me-quedo-en-barcelona\/\",\"url\":\"https:\/\/grupramonet.com\/es\/en-agosto-me-quedo-en-barcelona\/\",\"name\":\"En agosto me quedo en Barcelona - Grup Ramonet\",\"isPartOf\":{\"@id\":\"https:\/\/grupramonet.com\/es\/#website\"},\"primaryImageOfPage\":{\"@id\":\"https:\/\/grupramonet.com\/es\/en-agosto-me-quedo-en-barcelona\/#primaryimage\"},\"image\":{\"@id\":\"https:\/\/grupramonet.com\/es\/en-agosto-me-quedo-en-barcelona\/#primaryimage\"},\"thumbnailUrl\":\"https:\/\/grupramonet.com\/wp-content\/uploads\/2018\/07\/shutterstock_1071977111.jpg\",\"datePublished\":\"2018-07-27T10:57:05+00:00\",\"dateModified\":\"2024-02-07T08:24:05+00:00\",\"breadcrumb\":{\"@id\":\"https:\/\/grupramonet.com\/es\/en-agosto-me-quedo-en-barcelona\/#breadcrumb\"},\"inLanguage\":\"es\",\"potentialAction\":[{\"@type\":\"ReadAction\",\"target\":[\"https:\/\/grupramonet.com\/es\/en-agosto-me-quedo-en-barcelona\/\"]}]},{\"@type\":\"ImageObject\",\"inLanguage\":\"es\",\"@id\":\"https:\/\/grupramonet.com\/es\/en-agosto-me-quedo-en-barcelona\/#primaryimage\",\"url\":\"https:\/\/grupramonet.com\/wp-content\/uploads\/2018\/07\/shutterstock_1071977111.jpg\",\"contentUrl\":\"https:\/\/grupramonet.com\/wp-content\/uploads\/2018\/07\/shutterstock_1071977111.jpg\",\"width\":1000,\"height\":667},{\"@type\":\"BreadcrumbList\",\"@id\":\"https:\/\/grupramonet.com\/es\/en-agosto-me-quedo-en-barcelona\/#breadcrumb\",\"itemListElement\":[{\"@type\":\"ListItem\",\"position\":1,\"name\":\"Portada\",\"item\":\"https:\/\/grupramonet.com\/es\/\"},{\"@type\":\"ListItem\",\"position\":2,\"name\":\"En agosto me quedo en Barcelona\"}]},{\"@type\":\"WebSite\",\"@id\":\"https:\/\/grupramonet.com\/es\/#website\",\"url\":\"https:\/\/grupramonet.com\/es\/\",\"name\":\"Grup Ramonet Barceloneta\",\"description\":\"Tradici\u00f3 i sabor, des del cor de la Barceloneta.\",\"publisher\":{\"@id\":\"https:\/\/grupramonet.com\/es\/#organization\"},\"potentialAction\":[{\"@type\":\"SearchAction\",\"target\":{\"@type\":\"EntryPoint\",\"urlTemplate\":\"https:\/\/grupramonet.com\/es\/?s={search_term_string}\"},\"query-input\":{\"@type\":\"PropertyValueSpecification\",\"valueRequired\":true,\"valueName\":\"search_term_string\"}}],\"inLanguage\":\"es\"},{\"@type\":\"Organization\",\"@id\":\"https:\/\/grupramonet.com\/es\/#organization\",\"name\":\"Grup Ramonet Barceloneta\",\"url\":\"https:\/\/grupramonet.com\/es\/\",\"logo\":{\"@type\":\"ImageObject\",\"inLanguage\":\"es\",\"@id\":\"https:\/\/grupramonet.com\/es\/#\/schema\/logo\/image\/\",\"url\":\"https:\/\/grupramonet.com\/wp-content\/uploads\/2024\/04\/grup-ramonet-jpg.webp\",\"contentUrl\":\"https:\/\/grupramonet.com\/wp-content\/uploads\/2024\/04\/grup-ramonet-jpg.webp\",\"width\":696,\"height\":696,\"caption\":\"Grup Ramonet Barceloneta\"},\"image\":{\"@id\":\"https:\/\/grupramonet.com\/es\/#\/schema\/logo\/image\/\"},\"sameAs\":[\"https:\/\/www.instagram.com\/elnouramonet\/\",\"https:\/\/www.instagram.com\/canramonetbcn\/\",\"https:\/\/www.instagram.com\/ramonetdelabarceloneta\/\",\"https:\/\/www.instagram.com\/lavinotecadelabarceloneta\/\",\"https:\/\/www.instagram.com\/lafresca_barceloneta\/\"]},{\"@type\":\"Person\",\"@id\":\"https:\/\/grupramonet.com\/es\/#\/schema\/person\/d31a6ebb02f108d326aab7452b2a1551\",\"name\":\"elfresco\",\"image\":{\"@type\":\"ImageObject\",\"inLanguage\":\"es\",\"@id\":\"https:\/\/grupramonet.com\/es\/#\/schema\/person\/image\/\",\"url\":\"https:\/\/secure.gravatar.com\/avatar\/8c10285a0291100878bbf899a69296a0406f6e9ad306da031826db6abbbe6c25?s=96&d=mm&r=g\",\"contentUrl\":\"https:\/\/secure.gravatar.com\/avatar\/8c10285a0291100878bbf899a69296a0406f6e9ad306da031826db6abbbe6c25?s=96&d=mm&r=g\",\"caption\":\"elfresco\"},\"sameAs\":[\"https:\/\/grupramonet.com\"],\"url\":\"https:\/\/grupramonet.com\/es\/author\/elfresco\/\"}]}<\/script>\n<!-- \/ Yoast SEO plugin. -->","yoast_head_json":{"title":"En agosto me quedo en Barcelona - Grup Ramonet","robots":{"index":"index","follow":"follow","max-snippet":"max-snippet:-1","max-image-preview":"max-image-preview:large","max-video-preview":"max-video-preview:-1"},"canonical":"https:\/\/grupramonet.com\/es\/en-agosto-me-quedo-en-barcelona\/","og_locale":"es_ES","og_type":"article","og_title":"En agosto me quedo en Barcelona - Grup Ramonet","og_description":"S\u00ed. Yo ya te lo digo, me quedo. Me quedo en mi ciudad, Barcelona, mi casa y mi hogar; en mi barrio, la Barceloneta, que esta estaci\u00f3n del a\u00f1o es...","og_url":"https:\/\/grupramonet.com\/es\/en-agosto-me-quedo-en-barcelona\/","og_site_name":"Grup Ramonet","article_published_time":"2018-07-27T10:57:05+00:00","article_modified_time":"2024-02-07T08:24:05+00:00","og_image":[{"width":1000,"height":667,"url":"https:\/\/grupramonet.com\/wp-content\/uploads\/2018\/07\/shutterstock_1071977111.jpg","type":"image\/jpeg"}],"author":"elfresco","twitter_card":"summary_large_image","twitter_misc":{"Escrito por":"elfresco","Tiempo de lectura":"3 minutos"},"schema":{"@context":"https:\/\/schema.org","@graph":[{"@type":"Article","@id":"https:\/\/grupramonet.com\/es\/en-agosto-me-quedo-en-barcelona\/#article","isPartOf":{"@id":"https:\/\/grupramonet.com\/es\/en-agosto-me-quedo-en-barcelona\/"},"author":{"name":"elfresco","@id":"https:\/\/grupramonet.com\/es\/#\/schema\/person\/d31a6ebb02f108d326aab7452b2a1551"},"headline":"En agosto me quedo en Barcelona","datePublished":"2018-07-27T10:57:05+00:00","dateModified":"2024-02-07T08:24:05+00:00","mainEntityOfPage":{"@id":"https:\/\/grupramonet.com\/es\/en-agosto-me-quedo-en-barcelona\/"},"wordCount":518,"publisher":{"@id":"https:\/\/grupramonet.com\/es\/#organization"},"image":{"@id":"https:\/\/grupramonet.com\/es\/en-agosto-me-quedo-en-barcelona\/#primaryimage"},"thumbnailUrl":"https:\/\/grupramonet.com\/wp-content\/uploads\/2018\/07\/shutterstock_1071977111.jpg","articleSection":["Planes"],"inLanguage":"es"},{"@type":"WebPage","@id":"https:\/\/grupramonet.com\/es\/en-agosto-me-quedo-en-barcelona\/","url":"https:\/\/grupramonet.com\/es\/en-agosto-me-quedo-en-barcelona\/","name":"En agosto me quedo en Barcelona - Grup Ramonet","isPartOf":{"@id":"https:\/\/grupramonet.com\/es\/#website"},"primaryImageOfPage":{"@id":"https:\/\/grupramonet.com\/es\/en-agosto-me-quedo-en-barcelona\/#primaryimage"},"image":{"@id":"https:\/\/grupramonet.com\/es\/en-agosto-me-quedo-en-barcelona\/#primaryimage"},"thumbnailUrl":"https:\/\/grupramonet.com\/wp-content\/uploads\/2018\/07\/shutterstock_1071977111.jpg","datePublished":"2018-07-27T10:57:05+00:00","dateModified":"2024-02-07T08:24:05+00:00","breadcrumb":{"@id":"https:\/\/grupramonet.com\/es\/en-agosto-me-quedo-en-barcelona\/#breadcrumb"},"inLanguage":"es","potentialAction":[{"@type":"ReadAction","target":["https:\/\/grupramonet.com\/es\/en-agosto-me-quedo-en-barcelona\/"]}]},{"@type":"ImageObject","inLanguage":"es","@id":"https:\/\/grupramonet.com\/es\/en-agosto-me-quedo-en-barcelona\/#primaryimage","url":"https:\/\/grupramonet.com\/wp-content\/uploads\/2018\/07\/shutterstock_1071977111.jpg","contentUrl":"https:\/\/grupramonet.com\/wp-content\/uploads\/2018\/07\/shutterstock_1071977111.jpg","width":1000,"height":667},{"@type":"BreadcrumbList","@id":"https:\/\/grupramonet.com\/es\/en-agosto-me-quedo-en-barcelona\/#breadcrumb","itemListElement":[{"@type":"ListItem","position":1,"name":"Portada","item":"https:\/\/grupramonet.com\/es\/"},{"@type":"ListItem","position":2,"name":"En agosto me quedo en Barcelona"}]},{"@type":"WebSite","@id":"https:\/\/grupramonet.com\/es\/#website","url":"https:\/\/grupramonet.com\/es\/","name":"Grup Ramonet Barceloneta","description":"Tradici\u00f3 i sabor, des del cor de la Barceloneta.","publisher":{"@id":"https:\/\/grupramonet.com\/es\/#organization"},"potentialAction":[{"@type":"SearchAction","target":{"@type":"EntryPoint","urlTemplate":"https:\/\/grupramonet.com\/es\/?s={search_term_string}"},"query-input":{"@type":"PropertyValueSpecification","valueRequired":true,"valueName":"search_term_string"}}],"inLanguage":"es"},{"@type":"Organization","@id":"https:\/\/grupramonet.com\/es\/#organization","name":"Grup Ramonet Barceloneta","url":"https:\/\/grupramonet.com\/es\/","logo":{"@type":"ImageObject","inLanguage":"es","@id":"https:\/\/grupramonet.com\/es\/#\/schema\/logo\/image\/","url":"https:\/\/grupramonet.com\/wp-content\/uploads\/2024\/04\/grup-ramonet-jpg.webp","contentUrl":"https:\/\/grupramonet.com\/wp-content\/uploads\/2024\/04\/grup-ramonet-jpg.webp","width":696,"height":696,"caption":"Grup Ramonet Barceloneta"},"image":{"@id":"https:\/\/grupramonet.com\/es\/#\/schema\/logo\/image\/"},"sameAs":["https:\/\/www.instagram.com\/elnouramonet\/","https:\/\/www.instagram.com\/canramonetbcn\/","https:\/\/www.instagram.com\/ramonetdelabarceloneta\/","https:\/\/www.instagram.com\/lavinotecadelabarceloneta\/","https:\/\/www.instagram.com\/lafresca_barceloneta\/"]},{"@type":"Person","@id":"https:\/\/grupramonet.com\/es\/#\/schema\/person\/d31a6ebb02f108d326aab7452b2a1551","name":"elfresco","image":{"@type":"ImageObject","inLanguage":"es","@id":"https:\/\/grupramonet.com\/es\/#\/schema\/person\/image\/","url":"https:\/\/secure.gravatar.com\/avatar\/8c10285a0291100878bbf899a69296a0406f6e9ad306da031826db6abbbe6c25?s=96&d=mm&r=g","contentUrl":"https:\/\/secure.gravatar.com\/avatar\/8c10285a0291100878bbf899a69296a0406f6e9ad306da031826db6abbbe6c25?s=96&d=mm&r=g","caption":"elfresco"},"sameAs":["https:\/\/grupramonet.com"],"url":"https:\/\/grupramonet.com\/es\/author\/elfresco\/"}]}},"_links":{"self":[{"href":"https:\/\/grupramonet.com\/es\/wp-json\/wp\/v2\/posts\/1178","targetHints":{"allow":["GET"]}}],"collection":[{"href":"https:\/\/grupramonet.com\/es\/wp-json\/wp\/v2\/posts"}],"about":[{"href":"https:\/\/grupramonet.com\/es\/wp-json\/wp\/v2\/types\/post"}],"author":[{"embeddable":true,"href":"https:\/\/grupramonet.com\/es\/wp-json\/wp\/v2\/users\/1"}],"replies":[{"embeddable":true,"href":"https:\/\/grupramonet.com\/es\/wp-json\/wp\/v2\/comments?post=1178"}],"version-history":[{"count":1,"href":"https:\/\/grupramonet.com\/es\/wp-json\/wp\/v2\/posts\/1178\/revisions"}],"predecessor-version":[{"id":1227,"href":"https:\/\/grupramonet.com\/es\/wp-json\/wp\/v2\/posts\/1178\/revisions\/1227"}],"wp:featuredmedia":[{"embeddable":true,"href":"https:\/\/grupramonet.com\/es\/wp-json\/wp\/v2\/media\/1223"}],"wp:attachment":[{"href":"https:\/\/grupramonet.com\/es\/wp-json\/wp\/v2\/media?parent=1178"}],"wp:term":[{"taxonomy":"category","embeddable":true,"href":"https:\/\/grupramonet.com\/es\/wp-json\/wp\/v2\/categories?post=1178"},{"taxonomy":"post_tag","embeddable":true,"href":"https:\/\/grupramonet.com\/es\/wp-json\/wp\/v2\/tags?post=1178"}],"curies":[{"name":"wp","href":"https:\/\/api.w.org\/{rel}","templated":true}]}}